{"id":2916,"date":"2025-02-03T10:54:50","date_gmt":"2025-02-03T10:54:50","guid":{"rendered":"https:\/\/nicolaspasqual.fr\/?p=2916"},"modified":"2025-02-26T14:23:55","modified_gmt":"2025-02-26T14:23:55","slug":"epigenetique-du-bien-etre-coach-de-vie-en-ligne-voiron-grenoble","status":"publish","type":"post","link":"https:\/\/nicolaspasqual.fr\/index.php\/2025\/02\/03\/epigenetique-du-bien-etre-coach-de-vie-en-ligne-voiron-grenoble\/","title":{"rendered":"Epig\u00e9n\u00e9tique du Bien-Etre"},"content":{"rendered":"<p>[et_pb_section fb_built=\u00a0\u00bb1&Prime; _builder_version=\u00a0\u00bb4.17.4&Prime; _module_preset=\u00a0\u00bbdefault\u00a0\u00bb global_colors_info=\u00a0\u00bb{}\u00a0\u00bb theme_builder_area=\u00a0\u00bbpost_content\u00a0\u00bb][et_pb_row _builder_version=\u00a0\u00bb4.17.4&Prime; _module_preset=\u00a0\u00bbdefault\u00a0\u00bb custom_margin=\u00a0\u00bb|auto|-66px|auto||\u00a0\u00bb global_colors_info=\u00a0\u00bb{}\u00a0\u00bb theme_builder_area=\u00a0\u00bbpost_content\u00a0\u00bb][et_pb_column type=\u00a0\u00bb4_4&Prime; _builder_version=\u00a0\u00bb4.17.4&Prime; _module_preset=\u00a0\u00bbdefault\u00a0\u00bb global_colors_info=\u00a0\u00bb{}\u00a0\u00bb theme_builder_area=\u00a0\u00bbpost_content\u00a0\u00bb][et_pb_text _builder_version=\u00a0\u00bb4.17.4&Prime; _module_preset=\u00a0\u00bbdefault\u00a0\u00bb custom_padding=\u00a0\u00bb0px|||||\u00a0\u00bb global_colors_info=\u00a0\u00bb{}\u00a0\u00bb theme_builder_area=\u00a0\u00bbpost_content\u00a0\u00bb]<\/p>\n<h1>Epig\u00e9n\u00e9tique du Bien-Etre,<\/h1>\n<h1>r\u00eave ou r\u00e9alit\u00e9 ?<\/h1>\n<p>[\/et_pb_text][\/et_pb_column][\/et_pb_row][\/et_pb_section][et_pb_section fb_built=\u00a0\u00bb1&Prime; _builder_version=\u00a0\u00bb4.16&Prime; min_height=\u00a0\u00bb713px\u00a0\u00bb custom_padding=\u00a0\u00bb||0px|||\u00a0\u00bb global_colors_info=\u00a0\u00bb{}\u00a0\u00bb theme_builder_area=\u00a0\u00bbpost_content\u00a0\u00bb][et_pb_row _builder_version=\u00a0\u00bb4.17.4&Prime; background_size=\u00a0\u00bbinitial\u00a0\u00bb background_position=\u00a0\u00bbtop_left\u00a0\u00bb background_repeat=\u00a0\u00bbrepeat\u00a0\u00bb min_height=\u00a0\u00bb483px\u00a0\u00bb global_colors_info=\u00a0\u00bb{}\u00a0\u00bb theme_builder_area=\u00a0\u00bbpost_content\u00a0\u00bb][et_pb_column type=\u00a0\u00bb4_4&Prime; _builder_version=\u00a0\u00bb4.16&Prime; custom_padding=\u00a0\u00bb|||\u00a0\u00bb global_colors_info=\u00a0\u00bb{}\u00a0\u00bb custom_padding__hover=\u00a0\u00bb|||\u00a0\u00bb theme_builder_area=\u00a0\u00bbpost_content\u00a0\u00bb][et_pb_text _builder_version=\u00a0\u00bb4.17.4&Prime; background_size=\u00a0\u00bbinitial\u00a0\u00bb background_position=\u00a0\u00bbtop_left\u00a0\u00bb background_repeat=\u00a0\u00bbrepeat\u00a0\u00bb custom_padding=\u00a0\u00bb|||1px||\u00a0\u00bb global_colors_info=\u00a0\u00bb{}\u00a0\u00bb theme_builder_area=\u00a0\u00bbpost_content\u00a0\u00bb]<\/p>\n<h3><strong>Qu&rsquo;elle est la d\u00e9finition de l&rsquo;\u00e9pig\u00e9n\u00e9tique ?<\/strong><\/h3>\n<p><strong>L&rsquo;\u00e9pig\u00e9n\u00e9tique<\/strong> est la science \u00e9tudiant l\u2019int\u00e9raction entre l\u2019expression g\u00e9nique et l\u2019environnement.<\/p>\n<p>\u00ab\u00a0<strong>Epi<\/strong>\u00a0\u00bb veut dire \u00ab\u00a0<strong>au dessus de<\/strong>\u00ab\u00a0<\/p>\n<p>L&rsquo;\u00e9pig\u00e9n\u00e9tique est l&rsquo;\u00e9tude des m\u00e9canismes qui gouvernent l&rsquo;expression g\u00e9n\u00e9tique.<\/p>\n<p>En d&rsquo;autres termes<strong> l\u2019\u00e9pig\u00e9n\u00e9tique<\/strong> est une approche scientifique qui \u00e9tudie les effets de l\u2019environnement et de l\u2019histoire h\u00e9r\u00e9ditaire individuelle sur l\u2019<strong>expression des g\u00e8nes<\/strong> transmis, au fil des divisions cellulaires et des g\u00e9n\u00e9rations, sans faire appel \u00e0 des mutations de l\u2019ADN.<\/p>\n<p><strong>Nous avons tous un \u00e9pig\u00e9nome<\/strong><\/p>\n<p>L&rsquo;<strong>\u00e9pig\u00e9nome<\/strong> est l&rsquo;\u00e9tat de r\u00e9gulation \u00e9pig\u00e9n\u00e9tique d&rsquo;une cellule \u00e0 un instant t.<\/p>\n<p>Nous poss\u00e9dons tous un \u00e9pig\u00e9nome unique, qui est le reflet de l\u2019influence de l\u2019environnement et des \u00e9motions dans lesquelles nous \u00e9voluons \u00e0 une p\u00e9riode donn\u00e9e de notre vie, en fonction de notre \u00e2ge, de notre sexe, de nos croyances, nos pens\u00e9es et nos perceptions de la Vie.<\/p>\n<p>En fonction des stimuli (ext\u00e9rieurs et int\u00e9rieurs \u00e0 nous) l&rsquo;accessibilit\u00e9 de nos g\u00e8nes \u00e9volue.<\/p>\n<p>&nbsp;<\/p>\n<p><!-- \/divi:paragraph -->[\/et_pb_text][\/et_pb_column][\/et_pb_row][et_pb_row _builder_version=\u00a0\u00bb4.17.4&Prime; _module_preset=\u00a0\u00bbdefault\u00a0\u00bb scroll_fade_enable=\u00a0\u00bbon\u00a0\u00bb global_colors_info=\u00a0\u00bb{}\u00a0\u00bb theme_builder_area=\u00a0\u00bbpost_content\u00a0\u00bb][et_pb_column type=\u00a0\u00bb4_4&Prime; _builder_version=\u00a0\u00bb4.17.4&Prime; _module_preset=\u00a0\u00bbdefault\u00a0\u00bb global_colors_info=\u00a0\u00bb{}\u00a0\u00bb theme_builder_area=\u00a0\u00bbpost_content\u00a0\u00bb][et_pb_image src=\u00a0\u00bbhttps:\/\/nicolaspasqual.fr\/wp-content\/uploads\/2025\/02\/Epigenome-Dr-Nicolas-Pasqual-PhD-Biologie-Cellulaire.png\u00a0\u00bb title_text=\u00a0\u00bbEpige\u0301nome Dr Nicolas Pasqual PhD Biologie Cellulaire\u00a0\u00bb _builder_version=\u00a0\u00bb4.17.4&Prime; _module_preset=\u00a0\u00bbdefault\u00a0\u00bb global_colors_info=\u00a0\u00bb{}\u00a0\u00bb theme_builder_area=\u00a0\u00bbpost_content\u00a0\u00bb][\/et_pb_image][\/et_pb_column][\/et_pb_row][et_pb_row _builder_version=\u00a0\u00bb4.17.4&Prime; _module_preset=\u00a0\u00bbdefault\u00a0\u00bb scroll_fade_enable=\u00a0\u00bbon\u00a0\u00bb global_colors_info=\u00a0\u00bb{}\u00a0\u00bb theme_builder_area=\u00a0\u00bbpost_content\u00a0\u00bb][et_pb_column type=\u00a0\u00bb4_4&Prime; _builder_version=\u00a0\u00bb4.17.4&Prime; _module_preset=\u00a0\u00bbdefault\u00a0\u00bb global_colors_info=\u00a0\u00bb{}\u00a0\u00bb theme_builder_area=\u00a0\u00bbpost_content\u00a0\u00bb][et_pb_text _builder_version=\u00a0\u00bb4.17.4&Prime; _module_preset=\u00a0\u00bbdefault\u00a0\u00bb global_colors_info=\u00a0\u00bb{}\u00a0\u00bb theme_builder_area=\u00a0\u00bbpost_content\u00a0\u00bb]<\/p>\n<p>Nous avons tous un \u00e9pig\u00e9nome unique qui est la r\u00e9sultante de la mani\u00e8re dont nous accueillons et percevons notre environnement, nos relations et comment nous agissons dans la vie.<\/p>\n<p>Une des m\u00e9taphores pour d\u00e9crire l&rsquo;\u00e9pig\u00e9nome est la guirlande multicolore du sapin de no\u00ebl. Suite \u00e0 des stimuli, des lumi\u00e8res s&rsquo;allument, d&rsquo;autres s&rsquo;\u00e9teignent. A un instant t, dans le noyau de la cellule, des g\u00e8nes sont sont \u00ab\u00a0ferm\u00e9s\u00a0\u00bb= inaccessibles, et d&rsquo;autres sont \u00ab\u00a0ouverts\u00a0\u00bb= accessibles \u00e0 la transcription en ARNm.<\/p>\n<p>[\/et_pb_text][\/et_pb_column][\/et_pb_row][et_pb_row _builder_version=\u00a0\u00bb4.17.4&Prime; _module_preset=\u00a0\u00bbdefault\u00a0\u00bb global_colors_info=\u00a0\u00bb{}\u00a0\u00bb theme_builder_area=\u00a0\u00bbpost_content\u00a0\u00bb][et_pb_column type=\u00a0\u00bb4_4&Prime; _builder_version=\u00a0\u00bb4.17.4&Prime; _module_preset=\u00a0\u00bbdefault\u00a0\u00bb global_colors_info=\u00a0\u00bb{}\u00a0\u00bb theme_builder_area=\u00a0\u00bbpost_content\u00a0\u00bb][et_pb_image src=\u00a0\u00bbhttps:\/\/nicolaspasqual.fr\/wp-content\/uploads\/2025\/02\/Epigenetique-Dr-Nicolas-Pasqual-PhD-Biologie-Cell.Mol_.png\u00a0\u00bb title_text=\u00a0\u00bbEpige\u0301ne\u0301tique Dr Nicolas Pasqual PhD Biologie Cell.&#038;Mol.\u00a0\u00bb _builder_version=\u00a0\u00bb4.17.4&Prime; _module_preset=\u00a0\u00bbdefault\u00a0\u00bb global_colors_info=\u00a0\u00bb{}\u00a0\u00bb theme_builder_area=\u00a0\u00bbpost_content\u00a0\u00bb][\/et_pb_image][\/et_pb_column][\/et_pb_row][et_pb_row _builder_version=\u00a0\u00bb4.17.4&Prime; _module_preset=\u00a0\u00bbdefault\u00a0\u00bb global_colors_info=\u00a0\u00bb{}\u00a0\u00bb theme_builder_area=\u00a0\u00bbpost_content\u00a0\u00bb][et_pb_column type=\u00a0\u00bb4_4&Prime; _builder_version=\u00a0\u00bb4.17.4&Prime; _module_preset=\u00a0\u00bbdefault\u00a0\u00bb global_colors_info=\u00a0\u00bb{}\u00a0\u00bb theme_builder_area=\u00a0\u00bbpost_content\u00a0\u00bb][et_pb_text _builder_version=\u00a0\u00bb4.17.4&Prime; _module_preset=\u00a0\u00bbdefault\u00a0\u00bb global_colors_info=\u00a0\u00bb{}\u00a0\u00bb theme_builder_area=\u00a0\u00bbpost_content\u00a0\u00bb]<\/p>\n<h2><strong>Le chemin vers une \u00e9pig\u00e9n\u00e9tique du bien-\u00eatre est un v\u00e9ritable art de vivre.<\/strong><\/h2>\n<p>La perception de l&rsquo;environnement et de l&rsquo;entourage avec lequel nous vivons induit des changements au niveau de notre \u00e9pig\u00e9nome.<\/p>\n<p>L&rsquo;\u00e9tude de l&rsquo;\u00e9pig\u00e9n\u00e9tique au niveau int\u00e9gratif semble particuli\u00e8rement prometteuse.<\/p>\n<p>[\/et_pb_text][\/et_pb_column][\/et_pb_row][et_pb_row _builder_version=\u00a0\u00bb4.17.4&Prime; _module_preset=\u00a0\u00bbdefault\u00a0\u00bb global_colors_info=\u00a0\u00bb{}\u00a0\u00bb theme_builder_area=\u00a0\u00bbpost_content\u00a0\u00bb][et_pb_column type=\u00a0\u00bb4_4&Prime; _builder_version=\u00a0\u00bb4.17.4&Prime; _module_preset=\u00a0\u00bbdefault\u00a0\u00bb global_colors_info=\u00a0\u00bb{}\u00a0\u00bb theme_builder_area=\u00a0\u00bbpost_content\u00a0\u00bb][et_pb_image src=\u00a0\u00bbhttps:\/\/nicolaspasqual.fr\/wp-content\/uploads\/2025\/02\/definition-ouverte-epigenetique-integrative-Dr-Nicolas-Pasqual-PhD-Biologie-Cell.Mol_.png\u00a0\u00bb title_text=\u00a0\u00bbde\u0301finition ouverte e\u0301pige\u0301ne\u0301tique inte\u0301grative Dr Nicolas Pasqual PhD Biologie Cell.&#038;Mol.\u00a0\u00bb _builder_version=\u00a0\u00bb4.17.4&Prime; _module_preset=\u00a0\u00bbdefault\u00a0\u00bb global_colors_info=\u00a0\u00bb{}\u00a0\u00bb theme_builder_area=\u00a0\u00bbpost_content\u00a0\u00bb][\/et_pb_image][\/et_pb_column][\/et_pb_row][et_pb_row _builder_version=\u00a0\u00bb4.17.4&Prime; _module_preset=\u00a0\u00bbdefault\u00a0\u00bb global_colors_info=\u00a0\u00bb{}\u00a0\u00bb theme_builder_area=\u00a0\u00bbpost_content\u00a0\u00bb][et_pb_column type=\u00a0\u00bb4_4&Prime; _builder_version=\u00a0\u00bb4.17.4&Prime; _module_preset=\u00a0\u00bbdefault\u00a0\u00bb global_colors_info=\u00a0\u00bb{}\u00a0\u00bb theme_builder_area=\u00a0\u00bbpost_content\u00a0\u00bb][et_pb_text _builder_version=\u00a0\u00bb4.17.4&Prime; _module_preset=\u00a0\u00bbdefault\u00a0\u00bb global_colors_info=\u00a0\u00bb{}\u00a0\u00bb theme_builder_area=\u00a0\u00bbpost_content\u00a0\u00bb]<\/p>\n<p>Proposition ouverte de d\u00e9finition de l&rsquo;<strong>\u00e9pig\u00e9n\u00e9tique int\u00e9grative<\/strong><\/p>\n<p>La recherche d&rsquo;une \u00e9pig\u00e9n\u00e9tique du Bien-\u00eatre, est un art de chercher et surtout <strong>de mettre en pratique <\/strong>des \u00ab\u00a0solutions\u00a0\u00bb favorisant l&rsquo;<strong>expression de \u00ab\u00a0g\u00e8nes du bien-\u00eatre\u00a0\u00bb.<\/strong><\/p>\n<p>Parmi ces solutions, plusieurs pistes int\u00e9ressantes sont \u00e0 explorer et \u00e9valuer concr\u00e8tement :<strong> respiration, nutrition saine, activit\u00e9 physique, danse, massages th\u00e9rapeutiques, acupuncture, diff\u00e9rents types de m\u00e9ditations, hypnose th\u00e9rapeutique, Coaching, psychoth\u00e9rapie, Qi Gong, yoga&#8230; <\/strong><\/p>\n<p>Tout cela favorisant la mise en place de <strong>relations saines <\/strong>dans son entourage personnel et professionnel.<\/p>\n<p>&nbsp;<\/p>\n<p>[\/et_pb_text][\/et_pb_column][\/et_pb_row][et_pb_row _builder_version=\u00a0\u00bb4.17.4&Prime; _module_preset=\u00a0\u00bbdefault\u00a0\u00bb global_colors_info=\u00a0\u00bb{}\u00a0\u00bb theme_builder_area=\u00a0\u00bbpost_content\u00a0\u00bb][et_pb_column type=\u00a0\u00bb4_4&Prime; _builder_version=\u00a0\u00bb4.17.4&Prime; _module_preset=\u00a0\u00bbdefault\u00a0\u00bb global_colors_info=\u00a0\u00bb{}\u00a0\u00bb theme_builder_area=\u00a0\u00bbpost_content\u00a0\u00bb][et_pb_image src=\u00a0\u00bbhttps:\/\/nicolaspasqual.fr\/wp-content\/uploads\/2025\/02\/Epigenetique-du-Bien-etre-Dr-Nicolas-Pasqual-PhD-Biologie-cellulaire.png\u00a0\u00bb title_text=\u00a0\u00bbEpige\u0301ne\u0301tique du Bien-e\u0302tre Dr Nicolas Pasqual PhD Biologie cellulaire\u00a0\u00bb _builder_version=\u00a0\u00bb4.17.4&Prime; _module_preset=\u00a0\u00bbdefault\u00a0\u00bb global_colors_info=\u00a0\u00bb{}\u00a0\u00bb theme_builder_area=\u00a0\u00bbpost_content\u00a0\u00bb][\/et_pb_image][\/et_pb_column][\/et_pb_row][et_pb_row _builder_version=\u00a0\u00bb4.17.4&Prime; _module_preset=\u00a0\u00bbdefault\u00a0\u00bb custom_margin=\u00a0\u00bb|auto||102px||\u00a0\u00bb global_colors_info=\u00a0\u00bb{}\u00a0\u00bb theme_builder_area=\u00a0\u00bbpost_content\u00a0\u00bb][et_pb_column type=\u00a0\u00bb4_4&Prime; _builder_version=\u00a0\u00bb4.17.4&Prime; _module_preset=\u00a0\u00bbdefault\u00a0\u00bb global_colors_info=\u00a0\u00bb{}\u00a0\u00bb theme_builder_area=\u00a0\u00bbpost_content\u00a0\u00bb][et_pb_text _builder_version=\u00a0\u00bb4.17.4&Prime; _module_preset=\u00a0\u00bbdefault\u00a0\u00bb global_colors_info=\u00a0\u00bb{}\u00a0\u00bb theme_builder_area=\u00a0\u00bbpost_content\u00a0\u00bb]<\/p>\n<p>La qualit\u00e9 des stimuli int\u00e9rieurs et ext\u00e9rieurs des cellules du corps humain contribuent \u00e0 une \u00e9pig\u00e9n\u00e9tique du Bien-Etre.<\/p>\n<p>La COHERENCE, la SYNERGIE et l&rsquo;HARMONIE entre les diff\u00e9rents stimuli int\u00e9rieurs et ext\u00e9rieurs des cellules et du corps humain contribuent \u00e0 am\u00e9liorer une \u00e9pig\u00e9n\u00e9tique du Bien-Etre.<\/p>\n<p>De plus amples recherches fondamentales et appliqu\u00e9es sur l&rsquo;\u00e9pig\u00e9n\u00e9tique du bien-\u00eatre devraient favoriser les m\u00e9tiers du \u00ab\u00a0d\u00e9veloppement personnel et spirituel\u00a0\u00bb et de la Sant\u00e9 int\u00e9grative, fonctionnelle et holistique.<\/p>\n<p>L&rsquo;\u00e9tude de l&rsquo;\u00e9pig\u00e9n\u00e9tique int\u00e9grative et les recherches appliqu\u00e9es sur l&rsquo;\u00e9pig\u00e9n\u00e9tique du Bien-\u00eatre repr\u00e9sente un champ de recherches tr\u00e8s enthousiasmant et \u00e0 fort potentiel de rentabilit\u00e9 pour la sant\u00e9 de la Soci\u00e9t\u00e9 et donc de l&rsquo;\u00e9conomie d&rsquo;un territoire.<\/p>\n<p>\u00a0<strong><\/strong><\/p>\n<p><strong><\/strong><\/p>\n<p>[\/et_pb_text][\/et_pb_column][\/et_pb_row][et_pb_row _builder_version=\u00a0\u00bb4.27.4&Prime; _module_preset=\u00a0\u00bbdefault\u00a0\u00bb theme_builder_area=\u00a0\u00bbpost_content\u00a0\u00bb column_structure=\u00a0\u00bb2_3,1_3&Prime;][et_pb_column _builder_version=\u00a0\u00bb4.27.4&Prime; _module_preset=\u00a0\u00bbdefault\u00a0\u00bb type=\u00a0\u00bb2_3&Prime; theme_builder_area=\u00a0\u00bbpost_content\u00a0\u00bb][et_pb_text _builder_version=\u00a0\u00bb4.27.4&Prime; _module_preset=\u00a0\u00bbdefault\u00a0\u00bb theme_builder_area=\u00a0\u00bbpost_content\u00a0\u00bb hover_enabled=\u00a0\u00bb0&Prime; sticky_enabled=\u00a0\u00bb0&Prime;]<\/p>\n<p>&nbsp;<\/p>\n<p><strong>Nicolas RL PASQUAL\u00a0<\/strong><\/p>\n<p><strong>D<\/strong>octeur en Biologie cellulaire &amp; mol\u00e9culaire,<\/p>\n<p><strong>C<\/strong>hercheur coach holistique en \u00e9pig\u00e9n\u00e9tique du Bien-\u00eatre &amp; IKIGAI<\/p>\n<p>[\/et_pb_text][\/et_pb_column][et_pb_column _builder_version=\u00a0\u00bb4.27.4&Prime; _module_preset=\u00a0\u00bbdefault\u00a0\u00bb type=\u00a0\u00bb1_3&Prime; theme_builder_area=\u00a0\u00bbpost_content\u00a0\u00bb][et_pb_image src=\u00a0\u00bbhttps:\/\/nicolaspasqual.fr\/wp-content\/uploads\/2023\/06\/zoom-Nicolas.png\u00a0\u00bb _builder_version=\u00a0\u00bb4.27.4&Prime; _module_preset=\u00a0\u00bbdefault\u00a0\u00bb theme_builder_area=\u00a0\u00bbpost_content\u00a0\u00bb title_text=\u00a0\u00bbDr Nicolas Pasqual\u00a0\u00bb hover_enabled=\u00a0\u00bb0&Prime; sticky_enabled=\u00a0\u00bb0&Prime; border_radii=\u00a0\u00bbon|5px|5px|5px|5px\u00a0\u00bb][\/et_pb_image][\/et_pb_column][\/et_pb_row][\/et_pb_section]<\/p>\n","protected":false},"excerpt":{"rendered":"<p>Epig\u00e9n\u00e9tique du Bien-Etre, r\u00eave ou r\u00e9alit\u00e9 ?Qu&rsquo;elle est la d\u00e9finition de l&rsquo;\u00e9pig\u00e9n\u00e9tique ? L&rsquo;\u00e9pig\u00e9n\u00e9tique est la science \u00e9tudiant l\u2019int\u00e9raction entre l\u2019expression g\u00e9nique et l\u2019environnement. \u00ab\u00a0Epi\u00a0\u00bb veut dire \u00ab\u00a0au dessus de\u00a0\u00bb L&rsquo;\u00e9pig\u00e9n\u00e9tique est l&rsquo;\u00e9tude des m\u00e9canismes qui gouvernent l&rsquo;expression g\u00e9n\u00e9tique. En d&rsquo;autres termes l\u2019\u00e9pig\u00e9n\u00e9tique est une approche scientifique qui \u00e9tudie les effets de l\u2019environnement et de [&hellip;]<\/p>\n","protected":false},"author":2,"featured_media":0,"comment_status":"open","ping_status":"open","sticky":false,"template":"","format":"standard","meta":{"_et_pb_use_builder":"on","_et_pb_old_content":"","_et_gb_content_width":"","_jetpack_memberships_contains_paid_content":false,"footnotes":""},"categories":[10,24],"tags":[47,50],"class_list":["post-2916","post","type-post","status-publish","format-standard","hentry","category-biologie-du-bien-etre","category-citations-inspirantes","tag-epigenetique-du-bien-etre","tag-epigenetique-integrative"],"yoast_head":"<!-- This site is optimized with the Yoast SEO plugin v27.5 - https:\/\/yoast.com\/product\/yoast-seo-wordpress\/ -->\n<title>Epig\u00e9n\u00e9tique du Bien-Etre - Nicolas Pasqual<\/title>\n<meta name=\"description\" content=\"Epig\u00e9n\u00e9tique du Bien-Etre, proposition de d\u00e9finition de l&#039;\u00e9pig\u00e9n\u00e9tique int\u00e9grative par Dr Nicolas Pasqual Coach \u00e9pig\u00e9n\u00e9tique en ligne Voiron\" \/>\n<meta name=\"robots\" content=\"index, follow, max-snippet:-1, max-image-preview:large, max-video-preview:-1\" \/>\n<link rel=\"canonical\" href=\"https:\/\/nicolaspasqual.fr\/index.php\/2025\/02\/03\/epigenetique-du-bien-etre-coach-de-vie-en-ligne-voiron-grenoble\/\" \/>\n<meta property=\"og:locale\" content=\"fr_FR\" \/>\n<meta property=\"og:type\" content=\"article\" \/>\n<meta property=\"og:title\" content=\"Epig\u00e9n\u00e9tique du Bien-Etre - Nicolas Pasqual\" \/>\n<meta property=\"og:description\" content=\"Epig\u00e9n\u00e9tique du Bien-Etre, proposition de d\u00e9finition de l&#039;\u00e9pig\u00e9n\u00e9tique int\u00e9grative par Dr Nicolas Pasqual Coach \u00e9pig\u00e9n\u00e9tique en ligne Voiron\" \/>\n<meta property=\"og:url\" content=\"https:\/\/nicolaspasqual.fr\/index.php\/2025\/02\/03\/epigenetique-du-bien-etre-coach-de-vie-en-ligne-voiron-grenoble\/\" \/>\n<meta property=\"og:site_name\" content=\"Nicolas Pasqual\" \/>\n<meta property=\"article:published_time\" content=\"2025-02-03T10:54:50+00:00\" \/>\n<meta property=\"article:modified_time\" content=\"2025-02-26T14:23:55+00:00\" \/>\n<meta name=\"author\" content=\"Nicolas Pasqual\" \/>\n<meta name=\"twitter:card\" content=\"summary_large_image\" \/>\n<meta name=\"twitter:label1\" content=\"\u00c9crit par\" \/>\n\t<meta name=\"twitter:data1\" content=\"Nicolas Pasqual\" \/>\n\t<meta name=\"twitter:label2\" content=\"Dur\u00e9e de lecture estim\u00e9e\" \/>\n\t<meta name=\"twitter:data2\" content=\"4 minutes\" \/>\n<script type=\"application\/ld+json\" class=\"yoast-schema-graph\">{\"@context\":\"https:\\\/\\\/schema.org\",\"@graph\":[{\"@type\":\"Article\",\"@id\":\"https:\\\/\\\/nicolaspasqual.fr\\\/index.php\\\/2025\\\/02\\\/03\\\/epigenetique-du-bien-etre-coach-de-vie-en-ligne-voiron-grenoble\\\/#article\",\"isPartOf\":{\"@id\":\"https:\\\/\\\/nicolaspasqual.fr\\\/index.php\\\/2025\\\/02\\\/03\\\/epigenetique-du-bien-etre-coach-de-vie-en-ligne-voiron-grenoble\\\/\"},\"author\":{\"name\":\"Nicolas Pasqual\",\"@id\":\"https:\\\/\\\/nicolaspasqual.fr\\\/#\\\/schema\\\/person\\\/7666dde570327965410a46d627945156\"},\"headline\":\"Epig\u00e9n\u00e9tique du Bien-Etre\",\"datePublished\":\"2025-02-03T10:54:50+00:00\",\"dateModified\":\"2025-02-26T14:23:55+00:00\",\"mainEntityOfPage\":{\"@id\":\"https:\\\/\\\/nicolaspasqual.fr\\\/index.php\\\/2025\\\/02\\\/03\\\/epigenetique-du-bien-etre-coach-de-vie-en-ligne-voiron-grenoble\\\/\"},\"wordCount\":1476,\"commentCount\":0,\"publisher\":{\"@id\":\"https:\\\/\\\/nicolaspasqual.fr\\\/#organization\"},\"keywords\":[\"\u00e9pig\u00e9n\u00e9tique du bien-\u00eatre\",\"\u00e9pig\u00e9n\u00e9tique int\u00e9grative\"],\"articleSection\":[\"Biologie du Bien-Etre\",\"Citations inspirantes\"],\"inLanguage\":\"fr-FR\",\"potentialAction\":[{\"@type\":\"CommentAction\",\"name\":\"Comment\",\"target\":[\"https:\\\/\\\/nicolaspasqual.fr\\\/index.php\\\/2025\\\/02\\\/03\\\/epigenetique-du-bien-etre-coach-de-vie-en-ligne-voiron-grenoble\\\/#respond\"]}]},{\"@type\":\"WebPage\",\"@id\":\"https:\\\/\\\/nicolaspasqual.fr\\\/index.php\\\/2025\\\/02\\\/03\\\/epigenetique-du-bien-etre-coach-de-vie-en-ligne-voiron-grenoble\\\/\",\"url\":\"https:\\\/\\\/nicolaspasqual.fr\\\/index.php\\\/2025\\\/02\\\/03\\\/epigenetique-du-bien-etre-coach-de-vie-en-ligne-voiron-grenoble\\\/\",\"name\":\"Epig\u00e9n\u00e9tique du Bien-Etre - Nicolas Pasqual\",\"isPartOf\":{\"@id\":\"https:\\\/\\\/nicolaspasqual.fr\\\/#website\"},\"datePublished\":\"2025-02-03T10:54:50+00:00\",\"dateModified\":\"2025-02-26T14:23:55+00:00\",\"description\":\"Epig\u00e9n\u00e9tique du Bien-Etre, proposition de d\u00e9finition de l'\u00e9pig\u00e9n\u00e9tique int\u00e9grative par Dr Nicolas Pasqual Coach \u00e9pig\u00e9n\u00e9tique en ligne Voiron\",\"breadcrumb\":{\"@id\":\"https:\\\/\\\/nicolaspasqual.fr\\\/index.php\\\/2025\\\/02\\\/03\\\/epigenetique-du-bien-etre-coach-de-vie-en-ligne-voiron-grenoble\\\/#breadcrumb\"},\"inLanguage\":\"fr-FR\",\"potentialAction\":[{\"@type\":\"ReadAction\",\"target\":[\"https:\\\/\\\/nicolaspasqual.fr\\\/index.php\\\/2025\\\/02\\\/03\\\/epigenetique-du-bien-etre-coach-de-vie-en-ligne-voiron-grenoble\\\/\"]}]},{\"@type\":\"BreadcrumbList\",\"@id\":\"https:\\\/\\\/nicolaspasqual.fr\\\/index.php\\\/2025\\\/02\\\/03\\\/epigenetique-du-bien-etre-coach-de-vie-en-ligne-voiron-grenoble\\\/#breadcrumb\",\"itemListElement\":[{\"@type\":\"ListItem\",\"position\":1,\"name\":\"Accueil\",\"item\":\"https:\\\/\\\/nicolaspasqual.fr\\\/\"},{\"@type\":\"ListItem\",\"position\":2,\"name\":\"Epig\u00e9n\u00e9tique du Bien-Etre\"}]},{\"@type\":\"WebSite\",\"@id\":\"https:\\\/\\\/nicolaspasqual.fr\\\/#website\",\"url\":\"https:\\\/\\\/nicolaspasqual.fr\\\/\",\"name\":\"Nicolas Pasqual\",\"description\":\"Vie int\u00e9grative\",\"publisher\":{\"@id\":\"https:\\\/\\\/nicolaspasqual.fr\\\/#organization\"},\"potentialAction\":[{\"@type\":\"SearchAction\",\"target\":{\"@type\":\"EntryPoint\",\"urlTemplate\":\"https:\\\/\\\/nicolaspasqual.fr\\\/?s={search_term_string}\"},\"query-input\":{\"@type\":\"PropertyValueSpecification\",\"valueRequired\":true,\"valueName\":\"search_term_string\"}}],\"inLanguage\":\"fr-FR\"},{\"@type\":\"Organization\",\"@id\":\"https:\\\/\\\/nicolaspasqual.fr\\\/#organization\",\"name\":\"Nicolas Pasqual\",\"url\":\"https:\\\/\\\/nicolaspasqual.fr\\\/\",\"logo\":{\"@type\":\"ImageObject\",\"inLanguage\":\"fr-FR\",\"@id\":\"https:\\\/\\\/nicolaspasqual.fr\\\/#\\\/schema\\\/logo\\\/image\\\/\",\"url\":\"https:\\\/\\\/nicolaspasqual.fr\\\/wp-content\\\/uploads\\\/2022\\\/07\\\/cropped-logo-seul-512px.jpg\",\"contentUrl\":\"https:\\\/\\\/nicolaspasqual.fr\\\/wp-content\\\/uploads\\\/2022\\\/07\\\/cropped-logo-seul-512px.jpg\",\"width\":512,\"height\":512,\"caption\":\"Nicolas Pasqual\"},\"image\":{\"@id\":\"https:\\\/\\\/nicolaspasqual.fr\\\/#\\\/schema\\\/logo\\\/image\\\/\"}},{\"@type\":\"Person\",\"@id\":\"https:\\\/\\\/nicolaspasqual.fr\\\/#\\\/schema\\\/person\\\/7666dde570327965410a46d627945156\",\"name\":\"Nicolas Pasqual\",\"image\":{\"@type\":\"ImageObject\",\"inLanguage\":\"fr-FR\",\"@id\":\"https:\\\/\\\/secure.gravatar.com\\\/avatar\\\/c9a4ae3bcc7b76b5308c38065f249dd12ac044194b0b74f9bf2f91eac9bb406a?s=96&d=mm&r=g\",\"url\":\"https:\\\/\\\/secure.gravatar.com\\\/avatar\\\/c9a4ae3bcc7b76b5308c38065f249dd12ac044194b0b74f9bf2f91eac9bb406a?s=96&d=mm&r=g\",\"contentUrl\":\"https:\\\/\\\/secure.gravatar.com\\\/avatar\\\/c9a4ae3bcc7b76b5308c38065f249dd12ac044194b0b74f9bf2f91eac9bb406a?s=96&d=mm&r=g\",\"caption\":\"Nicolas Pasqual\"},\"sameAs\":[\"https:\\\/\\\/nicolaspasqual.fr\\\/\",\"https:\\\/\\\/www.instagram.com\\\/nicolas.pasqual_phd\\\/\",\"https:\\\/\\\/www.linkedin.com\\\/in\\\/nicolas-pasqual-phd-sant-et-vie-intgrative-24297a2ba\\\/\",\"https:\\\/\\\/www.youtube.com\\\/channel\\\/UChnSlpl34BBMYtAonbSbLTg\"],\"url\":\"https:\\\/\\\/nicolaspasqual.fr\\\/index.php\\\/author\\\/nicolas\\\/\"}]}<\/script>\n<!-- \/ Yoast SEO plugin. -->","yoast_head_json":{"title":"Epig\u00e9n\u00e9tique du Bien-Etre - Nicolas Pasqual","description":"Epig\u00e9n\u00e9tique du Bien-Etre, proposition de d\u00e9finition de l'\u00e9pig\u00e9n\u00e9tique int\u00e9grative par Dr Nicolas Pasqual Coach \u00e9pig\u00e9n\u00e9tique en ligne Voiron","robots":{"index":"index","follow":"follow","max-snippet":"max-snippet:-1","max-image-preview":"max-image-preview:large","max-video-preview":"max-video-preview:-1"},"canonical":"https:\/\/nicolaspasqual.fr\/index.php\/2025\/02\/03\/epigenetique-du-bien-etre-coach-de-vie-en-ligne-voiron-grenoble\/","og_locale":"fr_FR","og_type":"article","og_title":"Epig\u00e9n\u00e9tique du Bien-Etre - Nicolas Pasqual","og_description":"Epig\u00e9n\u00e9tique du Bien-Etre, proposition de d\u00e9finition de l'\u00e9pig\u00e9n\u00e9tique int\u00e9grative par Dr Nicolas Pasqual Coach \u00e9pig\u00e9n\u00e9tique en ligne Voiron","og_url":"https:\/\/nicolaspasqual.fr\/index.php\/2025\/02\/03\/epigenetique-du-bien-etre-coach-de-vie-en-ligne-voiron-grenoble\/","og_site_name":"Nicolas Pasqual","article_published_time":"2025-02-03T10:54:50+00:00","article_modified_time":"2025-02-26T14:23:55+00:00","author":"Nicolas Pasqual","twitter_card":"summary_large_image","twitter_misc":{"\u00c9crit par":"Nicolas Pasqual","Dur\u00e9e de lecture estim\u00e9e":"4 minutes"},"schema":{"@context":"https:\/\/schema.org","@graph":[{"@type":"Article","@id":"https:\/\/nicolaspasqual.fr\/index.php\/2025\/02\/03\/epigenetique-du-bien-etre-coach-de-vie-en-ligne-voiron-grenoble\/#article","isPartOf":{"@id":"https:\/\/nicolaspasqual.fr\/index.php\/2025\/02\/03\/epigenetique-du-bien-etre-coach-de-vie-en-ligne-voiron-grenoble\/"},"author":{"name":"Nicolas Pasqual","@id":"https:\/\/nicolaspasqual.fr\/#\/schema\/person\/7666dde570327965410a46d627945156"},"headline":"Epig\u00e9n\u00e9tique du Bien-Etre","datePublished":"2025-02-03T10:54:50+00:00","dateModified":"2025-02-26T14:23:55+00:00","mainEntityOfPage":{"@id":"https:\/\/nicolaspasqual.fr\/index.php\/2025\/02\/03\/epigenetique-du-bien-etre-coach-de-vie-en-ligne-voiron-grenoble\/"},"wordCount":1476,"commentCount":0,"publisher":{"@id":"https:\/\/nicolaspasqual.fr\/#organization"},"keywords":["\u00e9pig\u00e9n\u00e9tique du bien-\u00eatre","\u00e9pig\u00e9n\u00e9tique int\u00e9grative"],"articleSection":["Biologie du Bien-Etre","Citations inspirantes"],"inLanguage":"fr-FR","potentialAction":[{"@type":"CommentAction","name":"Comment","target":["https:\/\/nicolaspasqual.fr\/index.php\/2025\/02\/03\/epigenetique-du-bien-etre-coach-de-vie-en-ligne-voiron-grenoble\/#respond"]}]},{"@type":"WebPage","@id":"https:\/\/nicolaspasqual.fr\/index.php\/2025\/02\/03\/epigenetique-du-bien-etre-coach-de-vie-en-ligne-voiron-grenoble\/","url":"https:\/\/nicolaspasqual.fr\/index.php\/2025\/02\/03\/epigenetique-du-bien-etre-coach-de-vie-en-ligne-voiron-grenoble\/","name":"Epig\u00e9n\u00e9tique du Bien-Etre - Nicolas Pasqual","isPartOf":{"@id":"https:\/\/nicolaspasqual.fr\/#website"},"datePublished":"2025-02-03T10:54:50+00:00","dateModified":"2025-02-26T14:23:55+00:00","description":"Epig\u00e9n\u00e9tique du Bien-Etre, proposition de d\u00e9finition de l'\u00e9pig\u00e9n\u00e9tique int\u00e9grative par Dr Nicolas Pasqual Coach \u00e9pig\u00e9n\u00e9tique en ligne Voiron","breadcrumb":{"@id":"https:\/\/nicolaspasqual.fr\/index.php\/2025\/02\/03\/epigenetique-du-bien-etre-coach-de-vie-en-ligne-voiron-grenoble\/#breadcrumb"},"inLanguage":"fr-FR","potentialAction":[{"@type":"ReadAction","target":["https:\/\/nicolaspasqual.fr\/index.php\/2025\/02\/03\/epigenetique-du-bien-etre-coach-de-vie-en-ligne-voiron-grenoble\/"]}]},{"@type":"BreadcrumbList","@id":"https:\/\/nicolaspasqual.fr\/index.php\/2025\/02\/03\/epigenetique-du-bien-etre-coach-de-vie-en-ligne-voiron-grenoble\/#breadcrumb","itemListElement":[{"@type":"ListItem","position":1,"name":"Accueil","item":"https:\/\/nicolaspasqual.fr\/"},{"@type":"ListItem","position":2,"name":"Epig\u00e9n\u00e9tique du Bien-Etre"}]},{"@type":"WebSite","@id":"https:\/\/nicolaspasqual.fr\/#website","url":"https:\/\/nicolaspasqual.fr\/","name":"Nicolas Pasqual","description":"Vie int\u00e9grative","publisher":{"@id":"https:\/\/nicolaspasqual.fr\/#organization"},"potentialAction":[{"@type":"SearchAction","target":{"@type":"EntryPoint","urlTemplate":"https:\/\/nicolaspasqual.fr\/?s={search_term_string}"},"query-input":{"@type":"PropertyValueSpecification","valueRequired":true,"valueName":"search_term_string"}}],"inLanguage":"fr-FR"},{"@type":"Organization","@id":"https:\/\/nicolaspasqual.fr\/#organization","name":"Nicolas Pasqual","url":"https:\/\/nicolaspasqual.fr\/","logo":{"@type":"ImageObject","inLanguage":"fr-FR","@id":"https:\/\/nicolaspasqual.fr\/#\/schema\/logo\/image\/","url":"https:\/\/nicolaspasqual.fr\/wp-content\/uploads\/2022\/07\/cropped-logo-seul-512px.jpg","contentUrl":"https:\/\/nicolaspasqual.fr\/wp-content\/uploads\/2022\/07\/cropped-logo-seul-512px.jpg","width":512,"height":512,"caption":"Nicolas Pasqual"},"image":{"@id":"https:\/\/nicolaspasqual.fr\/#\/schema\/logo\/image\/"}},{"@type":"Person","@id":"https:\/\/nicolaspasqual.fr\/#\/schema\/person\/7666dde570327965410a46d627945156","name":"Nicolas Pasqual","image":{"@type":"ImageObject","inLanguage":"fr-FR","@id":"https:\/\/secure.gravatar.com\/avatar\/c9a4ae3bcc7b76b5308c38065f249dd12ac044194b0b74f9bf2f91eac9bb406a?s=96&d=mm&r=g","url":"https:\/\/secure.gravatar.com\/avatar\/c9a4ae3bcc7b76b5308c38065f249dd12ac044194b0b74f9bf2f91eac9bb406a?s=96&d=mm&r=g","contentUrl":"https:\/\/secure.gravatar.com\/avatar\/c9a4ae3bcc7b76b5308c38065f249dd12ac044194b0b74f9bf2f91eac9bb406a?s=96&d=mm&r=g","caption":"Nicolas Pasqual"},"sameAs":["https:\/\/nicolaspasqual.fr\/","https:\/\/www.instagram.com\/nicolas.pasqual_phd\/","https:\/\/www.linkedin.com\/in\/nicolas-pasqual-phd-sant-et-vie-intgrative-24297a2ba\/","https:\/\/www.youtube.com\/channel\/UChnSlpl34BBMYtAonbSbLTg"],"url":"https:\/\/nicolaspasqual.fr\/index.php\/author\/nicolas\/"}]}},"jetpack_featured_media_url":"","jetpack_sharing_enabled":true,"_links":{"self":[{"href":"https:\/\/nicolaspasqual.fr\/index.php\/wp-json\/wp\/v2\/posts\/2916","targetHints":{"allow":["GET"]}}],"collection":[{"href":"https:\/\/nicolaspasqual.fr\/index.php\/wp-json\/wp\/v2\/posts"}],"about":[{"href":"https:\/\/nicolaspasqual.fr\/index.php\/wp-json\/wp\/v2\/types\/post"}],"author":[{"embeddable":true,"href":"https:\/\/nicolaspasqual.fr\/index.php\/wp-json\/wp\/v2\/users\/2"}],"replies":[{"embeddable":true,"href":"https:\/\/nicolaspasqual.fr\/index.php\/wp-json\/wp\/v2\/comments?post=2916"}],"version-history":[{"count":7,"href":"https:\/\/nicolaspasqual.fr\/index.php\/wp-json\/wp\/v2\/posts\/2916\/revisions"}],"predecessor-version":[{"id":3140,"href":"https:\/\/nicolaspasqual.fr\/index.php\/wp-json\/wp\/v2\/posts\/2916\/revisions\/3140"}],"wp:attachment":[{"href":"https:\/\/nicolaspasqual.fr\/index.php\/wp-json\/wp\/v2\/media?parent=2916"}],"wp:term":[{"taxonomy":"category","embeddable":true,"href":"https:\/\/nicolaspasqual.fr\/index.php\/wp-json\/wp\/v2\/categories?post=2916"},{"taxonomy":"post_tag","embeddable":true,"href":"https:\/\/nicolaspasqual.fr\/index.php\/wp-json\/wp\/v2\/tags?post=2916"}],"curies":[{"name":"wp","href":"https:\/\/api.w.org\/{rel}","templated":true}]}}