{"id":1132,"date":"2022-09-06T14:38:36","date_gmt":"2022-09-06T14:38:36","guid":{"rendered":"https:\/\/nicolaspasqual.fr\/?p=1132"},"modified":"2025-02-03T10:19:14","modified_gmt":"2025-02-03T10:19:14","slug":"respect-et-bienveillance","status":"publish","type":"post","link":"https:\/\/nicolaspasqual.fr\/index.php\/2022\/09\/06\/respect-et-bienveillance\/","title":{"rendered":"Le Respect et la Bienveillance"},"content":{"rendered":"<p>[et_pb_section fb_built=\u00a0\u00bb1&Prime; _builder_version=\u00a0\u00bb4.16&Prime; global_colors_info=\u00a0\u00bb{}\u00a0\u00bb theme_builder_area=\u00a0\u00bbpost_content\u00a0\u00bb][et_pb_row _builder_version=\u00a0\u00bb4.16&Prime; background_size=\u00a0\u00bbinitial\u00a0\u00bb background_position=\u00a0\u00bbtop_left\u00a0\u00bb background_repeat=\u00a0\u00bbrepeat\u00a0\u00bb global_colors_info=\u00a0\u00bb{}\u00a0\u00bb theme_builder_area=\u00a0\u00bbpost_content\u00a0\u00bb][et_pb_column type=\u00a0\u00bb4_4&Prime; _builder_version=\u00a0\u00bb4.16&Prime; custom_padding=\u00a0\u00bb|||\u00a0\u00bb global_colors_info=\u00a0\u00bb{}\u00a0\u00bb custom_padding__hover=\u00a0\u00bb|||\u00a0\u00bb theme_builder_area=\u00a0\u00bbpost_content\u00a0\u00bb][et_pb_text _builder_version=\u00a0\u00bb4.16&Prime; background_size=\u00a0\u00bbinitial\u00a0\u00bb background_position=\u00a0\u00bbtop_left\u00a0\u00bb background_repeat=\u00a0\u00bbrepeat\u00a0\u00bb global_colors_info=\u00a0\u00bb{}\u00a0\u00bb theme_builder_area=\u00a0\u00bbpost_content\u00a0\u00bb]<!-- divi:paragraph --><\/p>\n<p>Le Respect et la Bienveillance envers soi, et les autres, est une r\u00e8gle d&rsquo;or qui permet de trouver plus facilement le juste milieu dans toutes les relations.<\/p>\n<p>Le Respect est une des valeurs essentielles pour vivre ensemble.\u00a0<\/p>\n<p>Lorsque j&rsquo;ai du respect pour moi, j&rsquo;\u00e9vite d&rsquo;aller dans les extr\u00eames. Lorsque je me respecte, j&rsquo;arr\u00eate de m&rsquo;exag\u00e9rer et de me minimiser. Je suis davantage juste envers moi-m\u00eame, et donc envers les autres.<\/p>\n<p>C&rsquo;est parce que je me respecte, que je peux r\u00e9ellement respecter les autres. Et c&rsquo;est parce que je me respecte, que mon environnement va naturellement me respecter.<\/p>\n<p>Le Respect permet d&rsquo;\u00e9viter de tomber dans les pi\u00e8ges de la condescendance et de la victimisation.<\/p>\n<p>La Bienveillance quand \u00e0 elle permet d&rsquo;apporter du soutien et de la douceur envers soi et les autres.<\/p>\n<p>&nbsp;<\/p>\n<p><strong>Comment d\u00e9velopper le respect et la bienveillance ?<\/strong><\/p>\n<p>Tout commence par l&rsquo;<strong>Amour inconditionnel<\/strong> de soi et par une juste estime de soi.<\/p>\n<p>Lorsque nous avons une juste estime de soi, nous nous sentons dignes et respectables.\u00a0<\/p>\n<p>Les exercices de <strong>respiration<\/strong> et de <strong>m\u00e9ditation<\/strong> favorisent l&rsquo;acc\u00e8s \u00e0 un juste amour de soi et \u00e0 une harmonieuse estime de soi.<\/p>\n<p>Vous pouvez venir exp\u00e9rimenter et pratiquer ces exercices de respiration et de m\u00e9ditation guid\u00e9e dans les <a href=\"https:\/\/nicolaspasqual.fr\/index.php\/evenements\/\">conf\u00e9rences &amp; m\u00e9ditations<\/a>, ainsi que lors des <a href=\"https:\/\/nicolaspasqual.fr\/index.php\/evenements\/\">ateliers<\/a> que j&rsquo;ai l&rsquo;honneur et la joie d&rsquo;organiser.<\/p>\n<p>Si vous le souhaitez, vous pouvez \u00e9galement b\u00e9n\u00e9ficier de ces outils lors de <a href=\"https:\/\/nicolaspasqual.fr\/index.php\/consultations\/\">s\u00e9ances individuelles en pr\u00e9sentiel ou \u00e0 distance<\/a>.<\/p>\n<p>&nbsp;<\/p>\n<p>Je vous souhaite une inspirante Vie,<\/p>\n<p>Respectueusement.<\/p>\n<p>Dr Nicolas Pasqual<\/p>\n<p>&nbsp;<\/p>\n<p>&nbsp;<\/p>\n<p>&nbsp;<\/p>\n<p>&nbsp;<\/p>\n<p>&nbsp;<\/p>\n<p>&nbsp;<\/p>\n<p><!-- \/divi:paragraph -->[\/et_pb_text][\/et_pb_column][\/et_pb_row][\/et_pb_section]<\/p>\n","protected":false},"excerpt":{"rendered":"<p>Le Respect et la Bienveillance envers soi, et les autres, est une r\u00e8gle d&rsquo;or qui permet de trouver plus facilement le juste milieu dans toutes les relations. Le Respect est une des valeurs essentielles pour vivre ensemble.\u00a0 Lorsque j&rsquo;ai du respect pour moi, j&rsquo;\u00e9vite d&rsquo;aller dans les extr\u00eames. Lorsque je me respecte, j&rsquo;arr\u00eate de m&rsquo;exag\u00e9rer [&hellip;]<\/p>\n","protected":false},"author":2,"featured_media":1136,"comment_status":"open","ping_status":"open","sticky":false,"template":"","format":"standard","meta":{"_et_pb_use_builder":"on","_et_pb_old_content":"","_et_gb_content_width":"","_jetpack_memberships_contains_paid_content":false,"footnotes":""},"categories":[10],"tags":[46,13,47,48,45],"class_list":["post-1132","post","type-post","status-publish","format-standard","has-post-thumbnail","hentry","category-biologie-du-bien-etre","tag-bienveillance","tag-epigenetique","tag-epigenetique-du-bien-etre","tag-relations-harmonieuses","tag-respect"],"yoast_head":"<!-- This site is optimized with the Yoast SEO plugin v27.5 - https:\/\/yoast.com\/product\/yoast-seo-wordpress\/ -->\n<title>Le Respect et la Bienveillance - Nicolas Pasqual<\/title>\n<meta name=\"description\" content=\"Le Respect et la Bienveillance\" \/>\n<meta name=\"robots\" content=\"index, follow, max-snippet:-1, max-image-preview:large, max-video-preview:-1\" \/>\n<link rel=\"canonical\" href=\"https:\/\/nicolaspasqual.fr\/index.php\/2022\/09\/06\/respect-et-bienveillance\/\" \/>\n<meta property=\"og:locale\" content=\"fr_FR\" \/>\n<meta property=\"og:type\" content=\"article\" \/>\n<meta property=\"og:title\" content=\"Le Respect et la Bienveillance - Nicolas Pasqual\" \/>\n<meta property=\"og:description\" content=\"Le Respect et la Bienveillance\" \/>\n<meta property=\"og:url\" content=\"https:\/\/nicolaspasqual.fr\/index.php\/2022\/09\/06\/respect-et-bienveillance\/\" \/>\n<meta property=\"og:site_name\" content=\"Nicolas Pasqual\" \/>\n<meta property=\"article:published_time\" content=\"2022-09-06T14:38:36+00:00\" \/>\n<meta property=\"article:modified_time\" content=\"2025-02-03T10:19:14+00:00\" \/>\n<meta property=\"og:image\" content=\"https:\/\/nicolaspasqual.fr\/wp-content\/uploads\/2022\/09\/2_PhilosophiqueSpirituel_Nicolas.jpg\" \/>\n\t<meta property=\"og:image:width\" content=\"1080\" \/>\n\t<meta property=\"og:image:height\" content=\"1080\" \/>\n\t<meta property=\"og:image:type\" content=\"image\/jpeg\" \/>\n<meta name=\"author\" content=\"Nicolas Pasqual\" \/>\n<meta name=\"twitter:card\" content=\"summary_large_image\" \/>\n<meta name=\"twitter:label1\" content=\"\u00c9crit par\" \/>\n\t<meta name=\"twitter:data1\" content=\"Nicolas Pasqual\" \/>\n<script type=\"application\/ld+json\" class=\"yoast-schema-graph\">{\"@context\":\"https:\\\/\\\/schema.org\",\"@graph\":[{\"@type\":\"Article\",\"@id\":\"https:\\\/\\\/nicolaspasqual.fr\\\/index.php\\\/2022\\\/09\\\/06\\\/respect-et-bienveillance\\\/#article\",\"isPartOf\":{\"@id\":\"https:\\\/\\\/nicolaspasqual.fr\\\/index.php\\\/2022\\\/09\\\/06\\\/respect-et-bienveillance\\\/\"},\"author\":{\"name\":\"Nicolas Pasqual\",\"@id\":\"https:\\\/\\\/nicolaspasqual.fr\\\/#\\\/schema\\\/person\\\/7666dde570327965410a46d627945156\"},\"headline\":\"Le Respect et la Bienveillance\",\"datePublished\":\"2022-09-06T14:38:36+00:00\",\"dateModified\":\"2025-02-03T10:19:14+00:00\",\"mainEntityOfPage\":{\"@id\":\"https:\\\/\\\/nicolaspasqual.fr\\\/index.php\\\/2022\\\/09\\\/06\\\/respect-et-bienveillance\\\/\"},\"wordCount\":371,\"commentCount\":0,\"publisher\":{\"@id\":\"https:\\\/\\\/nicolaspasqual.fr\\\/#organization\"},\"image\":{\"@id\":\"https:\\\/\\\/nicolaspasqual.fr\\\/index.php\\\/2022\\\/09\\\/06\\\/respect-et-bienveillance\\\/#primaryimage\"},\"thumbnailUrl\":\"https:\\\/\\\/nicolaspasqual.fr\\\/wp-content\\\/uploads\\\/2022\\\/09\\\/2_PhilosophiqueSpirituel_Nicolas.jpg\",\"keywords\":[\"bienveillance\",\"\u00e9pig\u00e9n\u00e9tique\",\"\u00e9pig\u00e9n\u00e9tique du bien-\u00eatre\",\"relations harmonieuses\",\"Respect\"],\"articleSection\":[\"Biologie du Bien-Etre\"],\"inLanguage\":\"fr-FR\",\"potentialAction\":[{\"@type\":\"CommentAction\",\"name\":\"Comment\",\"target\":[\"https:\\\/\\\/nicolaspasqual.fr\\\/index.php\\\/2022\\\/09\\\/06\\\/respect-et-bienveillance\\\/#respond\"]}]},{\"@type\":\"WebPage\",\"@id\":\"https:\\\/\\\/nicolaspasqual.fr\\\/index.php\\\/2022\\\/09\\\/06\\\/respect-et-bienveillance\\\/\",\"url\":\"https:\\\/\\\/nicolaspasqual.fr\\\/index.php\\\/2022\\\/09\\\/06\\\/respect-et-bienveillance\\\/\",\"name\":\"Le Respect et la Bienveillance - Nicolas Pasqual\",\"isPartOf\":{\"@id\":\"https:\\\/\\\/nicolaspasqual.fr\\\/#website\"},\"primaryImageOfPage\":{\"@id\":\"https:\\\/\\\/nicolaspasqual.fr\\\/index.php\\\/2022\\\/09\\\/06\\\/respect-et-bienveillance\\\/#primaryimage\"},\"image\":{\"@id\":\"https:\\\/\\\/nicolaspasqual.fr\\\/index.php\\\/2022\\\/09\\\/06\\\/respect-et-bienveillance\\\/#primaryimage\"},\"thumbnailUrl\":\"https:\\\/\\\/nicolaspasqual.fr\\\/wp-content\\\/uploads\\\/2022\\\/09\\\/2_PhilosophiqueSpirituel_Nicolas.jpg\",\"datePublished\":\"2022-09-06T14:38:36+00:00\",\"dateModified\":\"2025-02-03T10:19:14+00:00\",\"description\":\"Le Respect et la Bienveillance\",\"breadcrumb\":{\"@id\":\"https:\\\/\\\/nicolaspasqual.fr\\\/index.php\\\/2022\\\/09\\\/06\\\/respect-et-bienveillance\\\/#breadcrumb\"},\"inLanguage\":\"fr-FR\",\"potentialAction\":[{\"@type\":\"ReadAction\",\"target\":[\"https:\\\/\\\/nicolaspasqual.fr\\\/index.php\\\/2022\\\/09\\\/06\\\/respect-et-bienveillance\\\/\"]}]},{\"@type\":\"ImageObject\",\"inLanguage\":\"fr-FR\",\"@id\":\"https:\\\/\\\/nicolaspasqual.fr\\\/index.php\\\/2022\\\/09\\\/06\\\/respect-et-bienveillance\\\/#primaryimage\",\"url\":\"https:\\\/\\\/nicolaspasqual.fr\\\/wp-content\\\/uploads\\\/2022\\\/09\\\/2_PhilosophiqueSpirituel_Nicolas.jpg\",\"contentUrl\":\"https:\\\/\\\/nicolaspasqual.fr\\\/wp-content\\\/uploads\\\/2022\\\/09\\\/2_PhilosophiqueSpirituel_Nicolas.jpg\",\"width\":1080,\"height\":1080,\"caption\":\"Respect et bienveillance\"},{\"@type\":\"BreadcrumbList\",\"@id\":\"https:\\\/\\\/nicolaspasqual.fr\\\/index.php\\\/2022\\\/09\\\/06\\\/respect-et-bienveillance\\\/#breadcrumb\",\"itemListElement\":[{\"@type\":\"ListItem\",\"position\":1,\"name\":\"Accueil\",\"item\":\"https:\\\/\\\/nicolaspasqual.fr\\\/\"},{\"@type\":\"ListItem\",\"position\":2,\"name\":\"Le Respect et la Bienveillance\"}]},{\"@type\":\"WebSite\",\"@id\":\"https:\\\/\\\/nicolaspasqual.fr\\\/#website\",\"url\":\"https:\\\/\\\/nicolaspasqual.fr\\\/\",\"name\":\"Nicolas Pasqual\",\"description\":\"Vie int\u00e9grative\",\"publisher\":{\"@id\":\"https:\\\/\\\/nicolaspasqual.fr\\\/#organization\"},\"potentialAction\":[{\"@type\":\"SearchAction\",\"target\":{\"@type\":\"EntryPoint\",\"urlTemplate\":\"https:\\\/\\\/nicolaspasqual.fr\\\/?s={search_term_string}\"},\"query-input\":{\"@type\":\"PropertyValueSpecification\",\"valueRequired\":true,\"valueName\":\"search_term_string\"}}],\"inLanguage\":\"fr-FR\"},{\"@type\":\"Organization\",\"@id\":\"https:\\\/\\\/nicolaspasqual.fr\\\/#organization\",\"name\":\"Nicolas Pasqual\",\"url\":\"https:\\\/\\\/nicolaspasqual.fr\\\/\",\"logo\":{\"@type\":\"ImageObject\",\"inLanguage\":\"fr-FR\",\"@id\":\"https:\\\/\\\/nicolaspasqual.fr\\\/#\\\/schema\\\/logo\\\/image\\\/\",\"url\":\"https:\\\/\\\/nicolaspasqual.fr\\\/wp-content\\\/uploads\\\/2022\\\/07\\\/cropped-logo-seul-512px.jpg\",\"contentUrl\":\"https:\\\/\\\/nicolaspasqual.fr\\\/wp-content\\\/uploads\\\/2022\\\/07\\\/cropped-logo-seul-512px.jpg\",\"width\":512,\"height\":512,\"caption\":\"Nicolas Pasqual\"},\"image\":{\"@id\":\"https:\\\/\\\/nicolaspasqual.fr\\\/#\\\/schema\\\/logo\\\/image\\\/\"}},{\"@type\":\"Person\",\"@id\":\"https:\\\/\\\/nicolaspasqual.fr\\\/#\\\/schema\\\/person\\\/7666dde570327965410a46d627945156\",\"name\":\"Nicolas Pasqual\",\"image\":{\"@type\":\"ImageObject\",\"inLanguage\":\"fr-FR\",\"@id\":\"https:\\\/\\\/secure.gravatar.com\\\/avatar\\\/c9a4ae3bcc7b76b5308c38065f249dd12ac044194b0b74f9bf2f91eac9bb406a?s=96&d=mm&r=g\",\"url\":\"https:\\\/\\\/secure.gravatar.com\\\/avatar\\\/c9a4ae3bcc7b76b5308c38065f249dd12ac044194b0b74f9bf2f91eac9bb406a?s=96&d=mm&r=g\",\"contentUrl\":\"https:\\\/\\\/secure.gravatar.com\\\/avatar\\\/c9a4ae3bcc7b76b5308c38065f249dd12ac044194b0b74f9bf2f91eac9bb406a?s=96&d=mm&r=g\",\"caption\":\"Nicolas Pasqual\"},\"sameAs\":[\"https:\\\/\\\/nicolaspasqual.fr\\\/\",\"https:\\\/\\\/www.instagram.com\\\/nicolas.pasqual_phd\\\/\",\"https:\\\/\\\/www.linkedin.com\\\/in\\\/nicolas-pasqual-phd-sant-et-vie-intgrative-24297a2ba\\\/\",\"https:\\\/\\\/www.youtube.com\\\/channel\\\/UChnSlpl34BBMYtAonbSbLTg\"],\"url\":\"https:\\\/\\\/nicolaspasqual.fr\\\/index.php\\\/author\\\/nicolas\\\/\"}]}<\/script>\n<!-- \/ Yoast SEO plugin. -->","yoast_head_json":{"title":"Le Respect et la Bienveillance - Nicolas Pasqual","description":"Le Respect et la Bienveillance","robots":{"index":"index","follow":"follow","max-snippet":"max-snippet:-1","max-image-preview":"max-image-preview:large","max-video-preview":"max-video-preview:-1"},"canonical":"https:\/\/nicolaspasqual.fr\/index.php\/2022\/09\/06\/respect-et-bienveillance\/","og_locale":"fr_FR","og_type":"article","og_title":"Le Respect et la Bienveillance - Nicolas Pasqual","og_description":"Le Respect et la Bienveillance","og_url":"https:\/\/nicolaspasqual.fr\/index.php\/2022\/09\/06\/respect-et-bienveillance\/","og_site_name":"Nicolas Pasqual","article_published_time":"2022-09-06T14:38:36+00:00","article_modified_time":"2025-02-03T10:19:14+00:00","og_image":[{"width":1080,"height":1080,"url":"https:\/\/nicolaspasqual.fr\/wp-content\/uploads\/2022\/09\/2_PhilosophiqueSpirituel_Nicolas.jpg","type":"image\/jpeg"}],"author":"Nicolas Pasqual","twitter_card":"summary_large_image","twitter_misc":{"\u00c9crit par":"Nicolas Pasqual"},"schema":{"@context":"https:\/\/schema.org","@graph":[{"@type":"Article","@id":"https:\/\/nicolaspasqual.fr\/index.php\/2022\/09\/06\/respect-et-bienveillance\/#article","isPartOf":{"@id":"https:\/\/nicolaspasqual.fr\/index.php\/2022\/09\/06\/respect-et-bienveillance\/"},"author":{"name":"Nicolas Pasqual","@id":"https:\/\/nicolaspasqual.fr\/#\/schema\/person\/7666dde570327965410a46d627945156"},"headline":"Le Respect et la Bienveillance","datePublished":"2022-09-06T14:38:36+00:00","dateModified":"2025-02-03T10:19:14+00:00","mainEntityOfPage":{"@id":"https:\/\/nicolaspasqual.fr\/index.php\/2022\/09\/06\/respect-et-bienveillance\/"},"wordCount":371,"commentCount":0,"publisher":{"@id":"https:\/\/nicolaspasqual.fr\/#organization"},"image":{"@id":"https:\/\/nicolaspasqual.fr\/index.php\/2022\/09\/06\/respect-et-bienveillance\/#primaryimage"},"thumbnailUrl":"https:\/\/nicolaspasqual.fr\/wp-content\/uploads\/2022\/09\/2_PhilosophiqueSpirituel_Nicolas.jpg","keywords":["bienveillance","\u00e9pig\u00e9n\u00e9tique","\u00e9pig\u00e9n\u00e9tique du bien-\u00eatre","relations harmonieuses","Respect"],"articleSection":["Biologie du Bien-Etre"],"inLanguage":"fr-FR","potentialAction":[{"@type":"CommentAction","name":"Comment","target":["https:\/\/nicolaspasqual.fr\/index.php\/2022\/09\/06\/respect-et-bienveillance\/#respond"]}]},{"@type":"WebPage","@id":"https:\/\/nicolaspasqual.fr\/index.php\/2022\/09\/06\/respect-et-bienveillance\/","url":"https:\/\/nicolaspasqual.fr\/index.php\/2022\/09\/06\/respect-et-bienveillance\/","name":"Le Respect et la Bienveillance - Nicolas Pasqual","isPartOf":{"@id":"https:\/\/nicolaspasqual.fr\/#website"},"primaryImageOfPage":{"@id":"https:\/\/nicolaspasqual.fr\/index.php\/2022\/09\/06\/respect-et-bienveillance\/#primaryimage"},"image":{"@id":"https:\/\/nicolaspasqual.fr\/index.php\/2022\/09\/06\/respect-et-bienveillance\/#primaryimage"},"thumbnailUrl":"https:\/\/nicolaspasqual.fr\/wp-content\/uploads\/2022\/09\/2_PhilosophiqueSpirituel_Nicolas.jpg","datePublished":"2022-09-06T14:38:36+00:00","dateModified":"2025-02-03T10:19:14+00:00","description":"Le Respect et la Bienveillance","breadcrumb":{"@id":"https:\/\/nicolaspasqual.fr\/index.php\/2022\/09\/06\/respect-et-bienveillance\/#breadcrumb"},"inLanguage":"fr-FR","potentialAction":[{"@type":"ReadAction","target":["https:\/\/nicolaspasqual.fr\/index.php\/2022\/09\/06\/respect-et-bienveillance\/"]}]},{"@type":"ImageObject","inLanguage":"fr-FR","@id":"https:\/\/nicolaspasqual.fr\/index.php\/2022\/09\/06\/respect-et-bienveillance\/#primaryimage","url":"https:\/\/nicolaspasqual.fr\/wp-content\/uploads\/2022\/09\/2_PhilosophiqueSpirituel_Nicolas.jpg","contentUrl":"https:\/\/nicolaspasqual.fr\/wp-content\/uploads\/2022\/09\/2_PhilosophiqueSpirituel_Nicolas.jpg","width":1080,"height":1080,"caption":"Respect et bienveillance"},{"@type":"BreadcrumbList","@id":"https:\/\/nicolaspasqual.fr\/index.php\/2022\/09\/06\/respect-et-bienveillance\/#breadcrumb","itemListElement":[{"@type":"ListItem","position":1,"name":"Accueil","item":"https:\/\/nicolaspasqual.fr\/"},{"@type":"ListItem","position":2,"name":"Le Respect et la Bienveillance"}]},{"@type":"WebSite","@id":"https:\/\/nicolaspasqual.fr\/#website","url":"https:\/\/nicolaspasqual.fr\/","name":"Nicolas Pasqual","description":"Vie int\u00e9grative","publisher":{"@id":"https:\/\/nicolaspasqual.fr\/#organization"},"potentialAction":[{"@type":"SearchAction","target":{"@type":"EntryPoint","urlTemplate":"https:\/\/nicolaspasqual.fr\/?s={search_term_string}"},"query-input":{"@type":"PropertyValueSpecification","valueRequired":true,"valueName":"search_term_string"}}],"inLanguage":"fr-FR"},{"@type":"Organization","@id":"https:\/\/nicolaspasqual.fr\/#organization","name":"Nicolas Pasqual","url":"https:\/\/nicolaspasqual.fr\/","logo":{"@type":"ImageObject","inLanguage":"fr-FR","@id":"https:\/\/nicolaspasqual.fr\/#\/schema\/logo\/image\/","url":"https:\/\/nicolaspasqual.fr\/wp-content\/uploads\/2022\/07\/cropped-logo-seul-512px.jpg","contentUrl":"https:\/\/nicolaspasqual.fr\/wp-content\/uploads\/2022\/07\/cropped-logo-seul-512px.jpg","width":512,"height":512,"caption":"Nicolas Pasqual"},"image":{"@id":"https:\/\/nicolaspasqual.fr\/#\/schema\/logo\/image\/"}},{"@type":"Person","@id":"https:\/\/nicolaspasqual.fr\/#\/schema\/person\/7666dde570327965410a46d627945156","name":"Nicolas Pasqual","image":{"@type":"ImageObject","inLanguage":"fr-FR","@id":"https:\/\/secure.gravatar.com\/avatar\/c9a4ae3bcc7b76b5308c38065f249dd12ac044194b0b74f9bf2f91eac9bb406a?s=96&d=mm&r=g","url":"https:\/\/secure.gravatar.com\/avatar\/c9a4ae3bcc7b76b5308c38065f249dd12ac044194b0b74f9bf2f91eac9bb406a?s=96&d=mm&r=g","contentUrl":"https:\/\/secure.gravatar.com\/avatar\/c9a4ae3bcc7b76b5308c38065f249dd12ac044194b0b74f9bf2f91eac9bb406a?s=96&d=mm&r=g","caption":"Nicolas Pasqual"},"sameAs":["https:\/\/nicolaspasqual.fr\/","https:\/\/www.instagram.com\/nicolas.pasqual_phd\/","https:\/\/www.linkedin.com\/in\/nicolas-pasqual-phd-sant-et-vie-intgrative-24297a2ba\/","https:\/\/www.youtube.com\/channel\/UChnSlpl34BBMYtAonbSbLTg"],"url":"https:\/\/nicolaspasqual.fr\/index.php\/author\/nicolas\/"}]}},"jetpack_featured_media_url":"https:\/\/nicolaspasqual.fr\/wp-content\/uploads\/2022\/09\/2_PhilosophiqueSpirituel_Nicolas.jpg","jetpack_sharing_enabled":true,"_links":{"self":[{"href":"https:\/\/nicolaspasqual.fr\/index.php\/wp-json\/wp\/v2\/posts\/1132","targetHints":{"allow":["GET"]}}],"collection":[{"href":"https:\/\/nicolaspasqual.fr\/index.php\/wp-json\/wp\/v2\/posts"}],"about":[{"href":"https:\/\/nicolaspasqual.fr\/index.php\/wp-json\/wp\/v2\/types\/post"}],"author":[{"embeddable":true,"href":"https:\/\/nicolaspasqual.fr\/index.php\/wp-json\/wp\/v2\/users\/2"}],"replies":[{"embeddable":true,"href":"https:\/\/nicolaspasqual.fr\/index.php\/wp-json\/wp\/v2\/comments?post=1132"}],"version-history":[{"count":5,"href":"https:\/\/nicolaspasqual.fr\/index.php\/wp-json\/wp\/v2\/posts\/1132\/revisions"}],"predecessor-version":[{"id":1415,"href":"https:\/\/nicolaspasqual.fr\/index.php\/wp-json\/wp\/v2\/posts\/1132\/revisions\/1415"}],"wp:featuredmedia":[{"embeddable":true,"href":"https:\/\/nicolaspasqual.fr\/index.php\/wp-json\/wp\/v2\/media\/1136"}],"wp:attachment":[{"href":"https:\/\/nicolaspasqual.fr\/index.php\/wp-json\/wp\/v2\/media?parent=1132"}],"wp:term":[{"taxonomy":"category","embeddable":true,"href":"https:\/\/nicolaspasqual.fr\/index.php\/wp-json\/wp\/v2\/categories?post=1132"},{"taxonomy":"post_tag","embeddable":true,"href":"https:\/\/nicolaspasqual.fr\/index.php\/wp-json\/wp\/v2\/tags?post=1132"}],"curies":[{"name":"wp","href":"https:\/\/api.w.org\/{rel}","templated":true}]}}